{"id":12202,"date":"2026-08-31T19:34:28","date_gmt":"2026-08-31T23:34:28","guid":{"rendered":"https:\/\/jazon.info\/cms\/?p=12202"},"modified":"2026-08-31T19:38:09","modified_gmt":"2026-08-31T23:38:09","slug":"dia-del-peaton-2","status":"publish","type":"post","link":"https:\/\/jazon.info\/cms\/2026\/08\/31\/dia-del-peaton-2\/","title":{"rendered":"Reuni\u00f3n Especial"},"content":{"rendered":"\t\t<div data-elementor-type=\"wp-post\" data-elementor-id=\"12202\" class=\"elementor elementor-12202\">\n\t\t\t\t\t\t<section class=\"elementor-section elementor-top-section elementor-element elementor-element-9198afc elementor-section-boxed elementor-section-height-default elementor-section-height-default\" data-id=\"9198afc\" data-element_type=\"section\">\n\t\t\t\t\t\t<div class=\"elementor-container elementor-column-gap-default\">\n\t\t\t\t\t<div class=\"elementor-column elementor-col-100 elementor-top-column elementor-element elementor-element-0297809\" data-id=\"0297809\" data-element_type=\"column\">\n\t\t\t<div class=\"elementor-widget-wrap elementor-element-populated\">\n\t\t\t\t\t\t<div class=\"elementor-element elementor-element-d47baf8 elementor-widget elementor-widget-text-editor\" data-id=\"d47baf8\" data-element_type=\"widget\" data-widget_type=\"text-editor.default\">\n\t\t\t\t<div class=\"elementor-widget-container\">\n\t\t\t\t\t\t\t\t\t<p>Si vives en la ciudad de La Paz sabes que el primer domingo de septiembre las calles cierran para dar paso al D\u00eda del peat\u00f3n, por lo que las dos reuniones del domingo 5 de septiembre quedan suspendidas.<\/p><p>Nos vemos el s\u00e1bado 4 de septiembre para una \u00fanica reuni\u00f3n a las 18:30. Te esperamos junto a toda tu familia.\u00a0<\/p>\t\t\t\t\t\t\t\t<\/div>\n\t\t\t\t<\/div>\n\t\t\t\t\t<\/div>\n\t\t<\/div>\n\t\t\t\t\t<\/div>\n\t\t<\/section>\n\t\t\t\t<\/div>\n\t\t","protected":false},"excerpt":{"rendered":"<p>Si vives en la ciudad de La Paz sabes que el primer domingo de septiembre las calles cierran para dar paso al D\u00eda del peat\u00f3n, por lo que las dos [&hellip;]<\/p>\n","protected":false},"author":8,"featured_media":12203,"comment_status":"open","ping_status":"open","sticky":false,"template":"","format":"standard","meta":{"footnotes":""},"categories":[59],"tags":[],"class_list":["post-12202","post","type-post","status-publish","format-standard","has-post-thumbnail","hentry","category-noticias"],"_links":{"self":[{"href":"https:\/\/jazon.info\/cms\/wp-json\/wp\/v2\/posts\/12202","targetHints":{"allow":["GET"]}}],"collection":[{"href":"https:\/\/jazon.info\/cms\/wp-json\/wp\/v2\/posts"}],"about":[{"href":"https:\/\/jazon.info\/cms\/wp-json\/wp\/v2\/types\/post"}],"author":[{"embeddable":true,"href":"https:\/\/jazon.info\/cms\/wp-json\/wp\/v2\/users\/8"}],"replies":[{"embeddable":true,"href":"https:\/\/jazon.info\/cms\/wp-json\/wp\/v2\/comments?post=12202"}],"version-history":[{"count":5,"href":"https:\/\/jazon.info\/cms\/wp-json\/wp\/v2\/posts\/12202\/revisions"}],"predecessor-version":[{"id":12208,"href":"https:\/\/jazon.info\/cms\/wp-json\/wp\/v2\/posts\/12202\/revisions\/12208"}],"wp:featuredmedia":[{"embeddable":true,"href":"https:\/\/jazon.info\/cms\/wp-json\/wp\/v2\/media\/12203"}],"wp:attachment":[{"href":"https:\/\/jazon.info\/cms\/wp-json\/wp\/v2\/media?parent=12202"}],"wp:term":[{"taxonomy":"category","embeddable":true,"href":"https:\/\/jazon.info\/cms\/wp-json\/wp\/v2\/categories?post=12202"},{"taxonomy":"post_tag","embeddable":true,"href":"https:\/\/jazon.info\/cms\/wp-json\/wp\/v2\/tags?post=12202"}],"curies":[{"name":"wp","href":"https:\/\/api.w.org\/{rel}","templated":true}]}}